{"id":6633,"date":"2016-03-17T00:36:02","date_gmt":"2016-03-17T00:36:02","guid":{"rendered":"http:\/\/www.revuegruppen.com\/gruppen\/?p=6633"},"modified":"2018-10-26T01:46:05","modified_gmt":"2018-10-25T23:46:05","slug":"francois-jarrige","status":"publish","type":"post","link":"https:\/\/www.revuegruppen.com\/gruppen\/francois-jarrige\/","title":{"rendered":"Jarrige"},"content":{"rendered":"<p><strong>Fran\u00e7ois Jarrige<\/strong>, est historien et enseigne \u00e0 l&rsquo;universit\u00e9 de Bourgogne. Il s\u2019int\u00e9resse \u00e0 l&rsquo;histoire des machines, de leur diffusion, de leur acceptation et surtout de leur contestation depuis l&rsquo;aube de la r\u00e9volution industrielle. \u00c0 contre courant d&rsquo;une histoire lin\u00e9aire et \u00e9volutionniste, il interroge le caract\u00e8re in\u00e9luctable de la modernit\u00e9 technicienne et les possibles non advenus.<\/p>\n<p><span style=\"text-decoration: underline;\">Bibliographie<\/span><\/p>\n<ul>\n<li>(avec E. Fureix), <em>La modernit\u00e9 d\u00e9senchant\u00e9e. Relire l\u2019histoire du XIXe si\u00e8cle fran\u00e7ais<\/em>, Paris, La D\u00e9couverte, 2015.<\/li>\n<li><em>Technocritiques. Du refus des machines \u00e0 la contestation des technosciences<\/em>, Paris, La D\u00e9couverte. 2014.<\/li>\n<li>\u00ab Quand les eaux de rouissage d\u00e9bordaient dans la cit\u00e9 : essai sur le mode d\u2019existence d\u2019une nuisance (France, XVIIIe-XIXe si\u00e8cle) \u00bb, in Thomas Le Roux, Michel Lett\u00e9 (\u00e9d.), <em>D\u00e9bordements industriels. Environnement, territoire et conflit (XVIIIe-XXIe si\u00e8cle)<\/em>, Rennes, PUR, 2013, p. 137-154.<\/li>\n<li>\u00ab Le travail de la routine : autour d&rsquo;une controverse sociotechnique dans la boulangerie fran\u00e7aise du XIXe si\u00e8cle \u00bb, <em>Annales. Histoire, Sciences Sociales<\/em>, mai-juin 2010, n\u00b0 3, p. 645-677.<\/li>\n<li>Au temps des \u00ab tueuses de bras \u00bb. <em>Les bris de machines \u00e0 l\u2019aube de l\u2019\u00e8re industrielle (1780-1860)<\/em>, Rennes, PUR, coll. Carnot, 2009, 370 pp.<\/li>\n<\/ul>\n","protected":false},"excerpt":{"rendered":"<p>Fran\u00e7ois Jarrige, est historien et enseigne \u00e0 l&rsquo;universit\u00e9 de Bourgogne. Il s\u2019int\u00e9resse \u00e0 l&rsquo;histoire des machines, de leur diffusion, de leur acceptation et surtout de leur contestation depuis l&rsquo;aube de la r\u00e9volution industrielle. \u00c0 contre courant d&rsquo;une histoire lin\u00e9aire et \u00e9volutionniste, il interroge le caract\u00e8re in\u00e9luctable de la modernit\u00e9 technicienne et les possibles non advenus. [&hellip;]<\/p>\n","protected":false},"author":2,"featured_media":9676,"comment_status":"closed","ping_status":"open","sticky":false,"template":"","format":"standard","meta":{"footnotes":""},"categories":[20],"tags":[276,261],"class_list":["post-6633","post","type-post","status-publish","format-standard","has-post-thumbnail","hentry","category-les-auteurs","tag-francois-jarrige","tag-hypalampuses-hemeras"],"_links":{"self":[{"href":"https:\/\/www.revuegruppen.com\/gruppen\/wp-json\/wp\/v2\/posts\/6633","targetHints":{"allow":["GET"]}}],"collection":[{"href":"https:\/\/www.revuegruppen.com\/gruppen\/wp-json\/wp\/v2\/posts"}],"about":[{"href":"https:\/\/www.revuegruppen.com\/gruppen\/wp-json\/wp\/v2\/types\/post"}],"author":[{"embeddable":true,"href":"https:\/\/www.revuegruppen.com\/gruppen\/wp-json\/wp\/v2\/users\/2"}],"replies":[{"embeddable":true,"href":"https:\/\/www.revuegruppen.com\/gruppen\/wp-json\/wp\/v2\/comments?post=6633"}],"version-history":[{"count":2,"href":"https:\/\/www.revuegruppen.com\/gruppen\/wp-json\/wp\/v2\/posts\/6633\/revisions"}],"predecessor-version":[{"id":9394,"href":"https:\/\/www.revuegruppen.com\/gruppen\/wp-json\/wp\/v2\/posts\/6633\/revisions\/9394"}],"wp:featuredmedia":[{"embeddable":true,"href":"https:\/\/www.revuegruppen.com\/gruppen\/wp-json\/wp\/v2\/media\/9676"}],"wp:attachment":[{"href":"https:\/\/www.revuegruppen.com\/gruppen\/wp-json\/wp\/v2\/media?parent=6633"}],"wp:term":[{"taxonomy":"category","embeddable":true,"href":"https:\/\/www.revuegruppen.com\/gruppen\/wp-json\/wp\/v2\/categories?post=6633"},{"taxonomy":"post_tag","embeddable":true,"href":"https:\/\/www.revuegruppen.com\/gruppen\/wp-json\/wp\/v2\/tags?post=6633"}],"curies":[{"name":"wp","href":"https:\/\/api.w.org\/{rel}","templated":true}]}}