{"id":5767,"date":"2014-03-09T20:12:56","date_gmt":"2014-03-09T20:12:56","guid":{"rendered":"http:\/\/www.revuegruppen.com\/gruppen\/?p=5767"},"modified":"2018-10-11T00:04:55","modified_gmt":"2018-10-10T22:04:55","slug":"11-15-juin-2014-32e-marche-de-la-poesie-paris","status":"publish","type":"post","link":"https:\/\/www.revuegruppen.com\/gruppen\/11-15-juin-2014-32e-marche-de-la-poesie-paris\/","title":{"rendered":"11-15 juin 2014"},"content":{"rendered":"<p><span style=\"font-size: 20px;\"><span style=\"font-family: times new roman,times,serif;\"><strong>Retrouvez-nous au 32<sup>e<\/sup> March\u00e9 de la Po\u00e9sie<\/strong><br \/>\n<span style=\"font-size: 18px;\">du mercredi 11 au dimanche 15 juin 2014<\/span><\/span><\/span><\/p>\n<p><span style=\"font-size: 20px;\"><span style=\"font-family: times new roman,times,serif;\"><span style=\"font-size: 18px;\"><span style=\"font-size: 16px;\">et venez d\u00e9couvrir \u00e0 cette occasion<br \/>\nle dernier num\u00e9ro de la revue Gruppen<br \/>\n<em>GRUPPEN N\u00b09<\/em><\/span><\/span><\/span><\/span><\/p>\n<p><span style=\"font-size: 18px;\"><span style=\"font-family: times new roman,times,serif;\">Place St Sulpice, Paris 6<sup>e<\/sup><strong><sup><br \/>\n<\/sup>stand 501<\/strong><\/span><\/span><\/p>\n","protected":false},"excerpt":{"rendered":"<p>Retrouvez-nous au 32e March\u00e9 de la Po\u00e9sie du mercredi 11 au dimanche 15 juin 2014 et venez d\u00e9couvrir \u00e0 cette occasion le dernier num\u00e9ro de la revue Gruppen GRUPPEN N\u00b09 Place St Sulpice, Paris 6e stand 501<\/p>\n","protected":false},"author":2,"featured_media":9546,"comment_status":"closed","ping_status":"open","sticky":false,"template":"","format":"standard","meta":{"footnotes":""},"categories":[309],"tags":[390],"class_list":["post-5767","post","type-post","status-publish","format-standard","has-post-thumbnail","hentry","category-agenda","tag-32e-marche-de-la-poesie"],"_links":{"self":[{"href":"https:\/\/www.revuegruppen.com\/gruppen\/wp-json\/wp\/v2\/posts\/5767","targetHints":{"allow":["GET"]}}],"collection":[{"href":"https:\/\/www.revuegruppen.com\/gruppen\/wp-json\/wp\/v2\/posts"}],"about":[{"href":"https:\/\/www.revuegruppen.com\/gruppen\/wp-json\/wp\/v2\/types\/post"}],"author":[{"embeddable":true,"href":"https:\/\/www.revuegruppen.com\/gruppen\/wp-json\/wp\/v2\/users\/2"}],"replies":[{"embeddable":true,"href":"https:\/\/www.revuegruppen.com\/gruppen\/wp-json\/wp\/v2\/comments?post=5767"}],"version-history":[{"count":2,"href":"https:\/\/www.revuegruppen.com\/gruppen\/wp-json\/wp\/v2\/posts\/5767\/revisions"}],"predecessor-version":[{"id":9548,"href":"https:\/\/www.revuegruppen.com\/gruppen\/wp-json\/wp\/v2\/posts\/5767\/revisions\/9548"}],"wp:featuredmedia":[{"embeddable":true,"href":"https:\/\/www.revuegruppen.com\/gruppen\/wp-json\/wp\/v2\/media\/9546"}],"wp:attachment":[{"href":"https:\/\/www.revuegruppen.com\/gruppen\/wp-json\/wp\/v2\/media?parent=5767"}],"wp:term":[{"taxonomy":"category","embeddable":true,"href":"https:\/\/www.revuegruppen.com\/gruppen\/wp-json\/wp\/v2\/categories?post=5767"},{"taxonomy":"post_tag","embeddable":true,"href":"https:\/\/www.revuegruppen.com\/gruppen\/wp-json\/wp\/v2\/tags?post=5767"}],"curies":[{"name":"wp","href":"https:\/\/api.w.org\/{rel}","templated":true}]}}