{"id":2401,"date":"2012-06-03T14:57:30","date_gmt":"2012-06-03T14:57:30","guid":{"rendered":"http:\/\/www.revuegruppen.com\/gruppen\/?p=2401"},"modified":"2018-10-23T18:27:40","modified_gmt":"2018-10-23T16:27:40","slug":"bruno-almosnino","status":"publish","type":"post","link":"https:\/\/www.revuegruppen.com\/gruppen\/bruno-almosnino\/","title":{"rendered":"Almosnino"},"content":{"rendered":"<p><span class=\"Apple-style-span\"><strong>Bruno Almosnino<\/strong><\/span>, inscrit \u00e0 l\u2019EHESS (\u200aLISST\u200a-\u200aCAS, Toulouse\u200a) pour un travail au long cours d\u2019ethnographie du groupe juif de Tarbes (\u200aHautes\u200a-\u200aPyr\u00e9n\u00e9es\u200a), Bruno Almosnino s\u2019occupe aussi d\u2019enseignement. Il a sous forme d\u2019articles pr\u00e9sent\u00e9 quelques aspects de son travail en mondes juifs\u00a0: sur le pouvoir des mots (\u200ade la main et de l\u2019\u0153il\u200a), sur les imbrications d\u2019identit\u00e9, sur l\u2019appartenance telle qu\u2019elle est v\u00e9cue, racont\u00e9e ou invent\u00e9e, sur l\u2019action (\u200adans l\u2019\u0153uvre de I.B. Singer\u200a), sur la transmission, le passage du temps et le devenir communautaire.<\/p>\n<p><span class=\"Apple-style-span\"><strong>Bibliographie<\/strong><\/span><\/p>\n<ul>\n<li><i>La travers\u00e9e d\u2019un objet. Un texte inaccompli de Marcel Siari<\/i>, Conserverie M\u00e9morielle, n\u00b02, f\u00e9vrier 2007.<br \/>\n<a href=\"http:\/\/cm.revues.org\/197\" target=\"http:\/\/cm.revues.org\/197www.celat.ulaval.ca\/histoire.memoire\/cm_articla\/cm2_almosnino.pdf\">texte en ligne ici<\/a><\/li>\n<li><i>L\u2019action hant\u00e9e chez Isaac Bashevis Singer<\/i>, \u00e0 para\u00eetre.<\/li>\n<\/ul>\n","protected":false},"excerpt":{"rendered":"<p>Bruno Almosnino, inscrit \u00e0 l\u2019EHESS (\u200aLISST\u200a-\u200aCAS, Toulouse\u200a) pour un travail au long cours d\u2019ethnographie du groupe juif de Tarbes (\u200aHautes\u200a-\u200aPyr\u00e9n\u00e9es\u200a), Bruno Almosnino s\u2019occupe aussi d\u2019enseignement. Il a sous forme d\u2019articles pr\u00e9sent\u00e9 quelques aspects de son travail en mondes juifs\u00a0: sur le pouvoir des mots (\u200ade la main et de l\u2019\u0153il\u200a), sur les imbrications d\u2019identit\u00e9, sur [&hellip;]<\/p>\n","protected":false},"author":2,"featured_media":9629,"comment_status":"closed","ping_status":"open","sticky":false,"template":"","format":"standard","meta":{"footnotes":""},"categories":[20],"tags":[215,201,79],"class_list":["post-2401","post","type-post","status-publish","format-standard","has-post-thumbnail","hentry","category-les-auteurs","tag-bruno-almosnino","tag-gruppen-n5","tag-revue-gruppen"],"_links":{"self":[{"href":"https:\/\/www.revuegruppen.com\/gruppen\/wp-json\/wp\/v2\/posts\/2401","targetHints":{"allow":["GET"]}}],"collection":[{"href":"https:\/\/www.revuegruppen.com\/gruppen\/wp-json\/wp\/v2\/posts"}],"about":[{"href":"https:\/\/www.revuegruppen.com\/gruppen\/wp-json\/wp\/v2\/types\/post"}],"author":[{"embeddable":true,"href":"https:\/\/www.revuegruppen.com\/gruppen\/wp-json\/wp\/v2\/users\/2"}],"replies":[{"embeddable":true,"href":"https:\/\/www.revuegruppen.com\/gruppen\/wp-json\/wp\/v2\/comments?post=2401"}],"version-history":[{"count":1,"href":"https:\/\/www.revuegruppen.com\/gruppen\/wp-json\/wp\/v2\/posts\/2401\/revisions"}],"predecessor-version":[{"id":8642,"href":"https:\/\/www.revuegruppen.com\/gruppen\/wp-json\/wp\/v2\/posts\/2401\/revisions\/8642"}],"wp:featuredmedia":[{"embeddable":true,"href":"https:\/\/www.revuegruppen.com\/gruppen\/wp-json\/wp\/v2\/media\/9629"}],"wp:attachment":[{"href":"https:\/\/www.revuegruppen.com\/gruppen\/wp-json\/wp\/v2\/media?parent=2401"}],"wp:term":[{"taxonomy":"category","embeddable":true,"href":"https:\/\/www.revuegruppen.com\/gruppen\/wp-json\/wp\/v2\/categories?post=2401"},{"taxonomy":"post_tag","embeddable":true,"href":"https:\/\/www.revuegruppen.com\/gruppen\/wp-json\/wp\/v2\/tags?post=2401"}],"curies":[{"name":"wp","href":"https:\/\/api.w.org\/{rel}","templated":true}]}}