{"id":2369,"date":"2012-06-03T14:26:50","date_gmt":"2012-06-03T14:26:50","guid":{"rendered":"http:\/\/www.revuegruppen.com\/gruppen\/?p=2369"},"modified":"2018-10-26T00:06:25","modified_gmt":"2018-10-25T22:06:25","slug":"david-christoffel","status":"publish","type":"post","link":"https:\/\/www.revuegruppen.com\/gruppen\/david-christoffel\/","title":{"rendered":"Christoffel"},"content":{"rendered":"<p><span class=\"Apple-style-span\"><strong>David Christoffel<\/strong><\/span> est po\u00e8te et cr\u00e9ateur sonore. Il publie aussi bien en CD qu\u2019en revue. Docteur en musicologie de l\u2019EHESS, il est chroniqueur dans les matinales de France\u200a-\u200aMusique et produit le podcast \u00ab\u00a0Radio Th\u00e9sards\u00a0\u00bb pour la <i>webradio Grantanfi<\/i> de France\u200a-\u200aCulture.<\/p>\n<p><span style=\"text-decoration: underline;\">Discographie<\/span><\/p>\n<ul>\n<li><i>Joubertiade<\/i> (\u200aFidel Anthelme X, 2011\u200a)<\/li>\n<li><i>Radio Toutlemonde<\/i> (\u200aSuperMoyen, 2010\u200a)<\/li>\n<li><i>Op\u00e9ras parl\u00e9s<\/i> (\u200aIncidence #18, 2008\u200a)<\/li>\n<li><i>Oecum\u00e9trucs<\/i> (\u200aArt et lecture, 2008\u200a)<\/li>\n<li><i>Le D\u00e9chante\u200a-\u200aMerdier<\/i> (\u200aautoproduction, 1999\u200a)<\/li>\n<\/ul>\n<p><span style=\"text-decoration: underline;\">Bibliographie<\/span><\/p>\n<ul>\n<li><i>Argus du cannibalisme<\/i> (\u200aPublie.net, 2011\u200a)<\/li>\n<li><i>Litt\u00e9ralicismes<\/i> (\u200aL\u2019Attente, 2010\u200a)<\/li>\n<li><i>David Christoffel comix<\/i> (\u200aautoproduction, 2010\u200a)<\/li>\n<li><i>Dialogique pour l\u2019Origine des individus<\/i> (\u200aCriticalsecret \u00e9ditions, 2009\u200a)<\/li>\n<li><i>Avec Tarkos dans le titre<\/i> (\u200aCahiers de la Seine, 2008\u200a)<\/li>\n<\/ul>\n<p><span style=\"text-decoration: underline;\">Travaux radiophoniques<\/span><\/p>\n<ul>\n<li><i>La Sommes des Godard(\u200as\u200a)<\/i> (\u200aLes Passagers de la nuit, France\u200a-\u200aCulture, 2011\u200a).<\/li>\n<li><i>Barbouillage et subjectivit\u00e9<\/i> (\u200aRadio Gal\u00e8re, 2010\u200a)<\/li>\n<li><i>Norma, affaire criminelle<\/i> (\u200aLes Passagers de la nuit, France\u200a-\u200aCulture, 2010\u200a).<\/li>\n<li><i>La Cigale et la Cigale<\/i> (\u200aTapage nocturne, France\u200a-\u200aMusique, 2008\u200a).<\/li>\n<li><i>Avec Tarkos dans le titre<\/i> (\u200aAtelier de cr\u00e9ation radiophonique, France\u200a-\u200aCulture, 2007\u200a).<\/li>\n<\/ul>\n<p><span style=\"text-decoration: underline;\">Musicologie<\/span><\/p>\n<ul>\n<li><i>De la complaisance dans la sous\u200a-\u200aench\u00e8re \u00e9motionnelle<\/i>, <i>Kitsch et th\u00e9\u00e2tralit\u00e9,<\/i> dir. Isabelle Barb\u00e9ris, Editions Universitaires de Dijon, 2012.<\/li>\n<li><i>L&rsquo;anti\u200a-\u200ad\u00e9magogisme po\u00e9tique<\/i>, Po\u00e9sie et politique, Editions Hermann, 2011.<\/li>\n<li><i>Po\u00e9sie rock, aller simple<\/i>, revue L\u2019Esprit Cr\u00e9ateur, vol. 49, n\u00b0 2, 2009.<\/li>\n<li><i>Le grain n\u2019est pas le sujet<\/i>, revue Variations n\u00b0 15, Zurich, 2007.<\/li>\n<li><i>Le piano endimanch\u00e9<\/i>, site Musique du CRAL, EHESS, 2007.<\/li>\n<\/ul>\n<p><a href=\"http:\/\/www.dcdb.fr\/\" target=\"_blank\" rel=\"noopener\">dcdb.fr<\/a><\/p>\n","protected":false},"excerpt":{"rendered":"<p>David Christoffel est po\u00e8te et cr\u00e9ateur sonore. Il publie aussi bien en CD qu\u2019en revue. Docteur en musicologie de l\u2019EHESS, il est chroniqueur dans les matinales de France\u200a-\u200aMusique et produit le podcast \u00ab\u00a0Radio Th\u00e9sards\u00a0\u00bb pour la webradio Grantanfi de France\u200a-\u200aCulture. Discographie Joubertiade (\u200aFidel Anthelme X, 2011\u200a) Radio Toutlemonde (\u200aSuperMoyen, 2010\u200a) Op\u00e9ras parl\u00e9s (\u200aIncidence #18, 2008\u200a) [&hellip;]<\/p>\n","protected":false},"author":2,"featured_media":9659,"comment_status":"closed","ping_status":"open","sticky":false,"template":"","format":"standard","meta":{"footnotes":""},"categories":[20],"tags":[213,201],"class_list":["post-2369","post","type-post","status-publish","format-standard","has-post-thumbnail","hentry","category-les-auteurs","tag-david-christoffel","tag-gruppen-n5"],"_links":{"self":[{"href":"https:\/\/www.revuegruppen.com\/gruppen\/wp-json\/wp\/v2\/posts\/2369","targetHints":{"allow":["GET"]}}],"collection":[{"href":"https:\/\/www.revuegruppen.com\/gruppen\/wp-json\/wp\/v2\/posts"}],"about":[{"href":"https:\/\/www.revuegruppen.com\/gruppen\/wp-json\/wp\/v2\/types\/post"}],"author":[{"embeddable":true,"href":"https:\/\/www.revuegruppen.com\/gruppen\/wp-json\/wp\/v2\/users\/2"}],"replies":[{"embeddable":true,"href":"https:\/\/www.revuegruppen.com\/gruppen\/wp-json\/wp\/v2\/comments?post=2369"}],"version-history":[{"count":3,"href":"https:\/\/www.revuegruppen.com\/gruppen\/wp-json\/wp\/v2\/posts\/2369\/revisions"}],"predecessor-version":[{"id":9458,"href":"https:\/\/www.revuegruppen.com\/gruppen\/wp-json\/wp\/v2\/posts\/2369\/revisions\/9458"}],"wp:featuredmedia":[{"embeddable":true,"href":"https:\/\/www.revuegruppen.com\/gruppen\/wp-json\/wp\/v2\/media\/9659"}],"wp:attachment":[{"href":"https:\/\/www.revuegruppen.com\/gruppen\/wp-json\/wp\/v2\/media?parent=2369"}],"wp:term":[{"taxonomy":"category","embeddable":true,"href":"https:\/\/www.revuegruppen.com\/gruppen\/wp-json\/wp\/v2\/categories?post=2369"},{"taxonomy":"post_tag","embeddable":true,"href":"https:\/\/www.revuegruppen.com\/gruppen\/wp-json\/wp\/v2\/tags?post=2369"}],"curies":[{"name":"wp","href":"https:\/\/api.w.org\/{rel}","templated":true}]}}