{"id":1622,"date":"2011-07-03T19:40:26","date_gmt":"2011-07-03T19:40:26","guid":{"rendered":"http:\/\/www.revuegruppen.com\/gruppen\/?p=1622"},"modified":"2018-10-25T22:31:29","modified_gmt":"2018-10-25T20:31:29","slug":"jeremy-boulard-le-fur","status":"publish","type":"post","link":"https:\/\/www.revuegruppen.com\/gruppen\/jeremy-boulard-le-fur\/","title":{"rendered":"Boulard Le Fur"},"content":{"rendered":"<p><strong>J\u00e9r\u00e9my Boulard Le Fur<\/strong> est dipl\u00f4m\u00e9 de l&rsquo;ENSAD en section cin\u00e9ma d&rsquo;animation en 2009. Un \u00e9change \u00e0 la CalArts (Los Angeles) lui a permis d&rsquo;aborder les bases de la construction de marionnettes et de l&rsquo;animation en volume, qu&rsquo;il a mis en pratique dans son film de fin d&rsquo;\u00e9tudes, <em>Troublantes Caresses<\/em>, s\u00e9lectionn\u00e9 notamment au festival d&rsquo;Annecy 2010.<\/p>\n<p>Depuis la fin de ses \u00e9tudes, il m\u00e8ne en parall\u00e8le exp\u00e9riences professionnelles en stop motion comme en dessin anim\u00e9 (g\u00e9n\u00e9rique, publicit\u00e9, clip, court-m\u00e9trage) ainsi que divers projets personnels ou collectifs de publications et d&rsquo;expositions. Sa production personnelle, pratique comme th\u00e9orique, est fond\u00e9e sur le lien entre fantastique et absurde, qu&rsquo;il met en rapport avec l&rsquo;ambiguit\u00e9 du rire dans son m\u00e9moire <em>Le Rire jaune et la dictature du sourire<\/em>, en abordant les oeuvres de Victor Hugo, Lynch, Herzog, Cronenberg. Dans ses travaux anim\u00e9s et plastiques souvent centr\u00e9s sur le corps et notamment le visage, il tente de faire ressortir une \u00e9motion en explorant la mati\u00e8re. Cette mani\u00e8re de confronter l&rsquo;\u00e9motion et la sensation est influenc\u00e9e par le travail d&rsquo;animateurs tels que Youri Norstein, Jan Svankmajer, Igor Kovalyov.<\/p>\n<p>De fa\u00e7on plus g\u00e9n\u00e9rale, il porte un vif int\u00e9r\u00eat pour le figement dans l&rsquo;oeuvre de Beckett, la maladresse en g\u00e9n\u00e9ral, ou encore l&rsquo;ambivalence du masque, de la grimace et du corps grotesque.<\/p>\n","protected":false},"excerpt":{"rendered":"<p>J\u00e9r\u00e9my Boulard Le Fur est dipl\u00f4m\u00e9 de l&rsquo;ENSAD en section cin\u00e9ma d&rsquo;animation en 2009. Un \u00e9change \u00e0 la CalArts (Los Angeles) lui a permis d&rsquo;aborder les bases de la construction de marionnettes et de l&rsquo;animation en volume, qu&rsquo;il a mis en pratique dans son film de fin d&rsquo;\u00e9tudes, Troublantes Caresses, s\u00e9lectionn\u00e9 notamment au festival d&rsquo;Annecy [&hellip;]<\/p>\n","protected":false},"author":2,"featured_media":9651,"comment_status":"closed","ping_status":"open","sticky":false,"template":"","format":"standard","meta":{"footnotes":""},"categories":[20],"tags":[181,182,164,184,185,186],"class_list":["post-1622","post","type-post","status-publish","format-standard","has-post-thumbnail","hentry","category-les-auteurs","tag-dessin","tag-ensad","tag-gruppen-n3","tag-jeremy-boulard-le-fur","tag-rires-au-fond","tag-troublantes-caresses"],"_links":{"self":[{"href":"https:\/\/www.revuegruppen.com\/gruppen\/wp-json\/wp\/v2\/posts\/1622","targetHints":{"allow":["GET"]}}],"collection":[{"href":"https:\/\/www.revuegruppen.com\/gruppen\/wp-json\/wp\/v2\/posts"}],"about":[{"href":"https:\/\/www.revuegruppen.com\/gruppen\/wp-json\/wp\/v2\/types\/post"}],"author":[{"embeddable":true,"href":"https:\/\/www.revuegruppen.com\/gruppen\/wp-json\/wp\/v2\/users\/2"}],"replies":[{"embeddable":true,"href":"https:\/\/www.revuegruppen.com\/gruppen\/wp-json\/wp\/v2\/comments?post=1622"}],"version-history":[{"count":2,"href":"https:\/\/www.revuegruppen.com\/gruppen\/wp-json\/wp\/v2\/posts\/1622\/revisions"}],"predecessor-version":[{"id":9479,"href":"https:\/\/www.revuegruppen.com\/gruppen\/wp-json\/wp\/v2\/posts\/1622\/revisions\/9479"}],"wp:featuredmedia":[{"embeddable":true,"href":"https:\/\/www.revuegruppen.com\/gruppen\/wp-json\/wp\/v2\/media\/9651"}],"wp:attachment":[{"href":"https:\/\/www.revuegruppen.com\/gruppen\/wp-json\/wp\/v2\/media?parent=1622"}],"wp:term":[{"taxonomy":"category","embeddable":true,"href":"https:\/\/www.revuegruppen.com\/gruppen\/wp-json\/wp\/v2\/categories?post=1622"},{"taxonomy":"post_tag","embeddable":true,"href":"https:\/\/www.revuegruppen.com\/gruppen\/wp-json\/wp\/v2\/tags?post=1622"}],"curies":[{"name":"wp","href":"https:\/\/api.w.org\/{rel}","templated":true}]}}