{"id":10068,"date":"2019-05-01T02:51:36","date_gmt":"2019-05-01T00:51:36","guid":{"rendered":"https:\/\/www.revuegruppen.com\/gruppen\/?p=10068"},"modified":"2019-05-14T22:17:54","modified_gmt":"2019-05-14T20:17:54","slug":"alfredo-olivera","status":"publish","type":"post","link":"https:\/\/www.revuegruppen.com\/gruppen\/alfredo-olivera\/","title":{"rendered":"Olivera"},"content":{"rendered":"<p><strong>Alfredo Olivera<\/strong>, psychologue, a fond\u00e9 en Argentine <em>La Colifata<\/em>, premi\u00e8re radio au monde \u00e0 \u00e9mettre depuis un h\u00f4pital psychiatrique.<\/p>\n<p>Il travaille actuellement dans le secteur psychiatrie de l&rsquo;h\u00f4pital Roger Pr\u00e9vot de Moisselles, et comme r\u00e9f\u00e9rent institutionnel au Centre Accueil Th\u00e9rapeutique (C.A.T.T.P) d\u2019Asni\u00e8res-sur-Seine.<\/p>\n<p>Il a particip\u00e9 en France \u00e0 la cr\u00e9ation de <em>Radio Citron<\/em> \u00e0 Paris, et de la <em>Radio Sans Nom<\/em> d\u2019Asni\u00e8res sur Seine.<\/p>\n<p>Il enseigne \u00e0 l&rsquo;Universit\u00e9 Ouverte de Catalogne (UOC \u2013 Sant\u00e9 Mentale Collective) ainsi qu\u2019\u00e0 l&rsquo;Universit\u00e9 de Buenos Aires (UBA \u2013 d\u00e9partement Philosophie, \u00a0S\u00e9minaire <em>d\u2019\u00c9tudes interdisciplinaires de la Subjectivit\u00e9<\/em>).<\/p>\n<p><a href=\"http:\/\/lacolifata.com.ar\/fr\" target=\"_blank\" rel=\"noopener noreferrer\">lacolifata.com<\/a><\/p>\n<p><em>Naissance de La Colifata<\/em> (article publi\u00e9 dans Gruppen n\u00b014) \u2013 extrait sonore :<\/p>\n<div class=\"wp-playlist wp-audio-playlist wp-playlist-light\">\n\t\t\t<div class=\"wp-playlist-current-item\"><\/div>\n\t\t<audio controls=\"controls\" preload=\"none\" width=\"618\"\n\t\t\t><\/audio>\n\t<div class=\"wp-playlist-next\"><\/div>\n\t<div class=\"wp-playlist-prev\"><\/div>\n\t<noscript>\n\t<ol>\n\t\t<li><a href='https:\/\/www.revuegruppen.com\/gruppen\/wp-content\/uploads\/2019\/05\/Naissance-de-La-Colifata-extrait-sonore.mp3'>Naissance de La Colifata (extrait sonore)<\/a><\/li>\t<\/ol>\n\t<\/noscript>\n\t<script type=\"application\/json\" class=\"wp-playlist-script\">{\"type\":\"audio\",\"tracklist\":false,\"tracknumbers\":true,\"images\":false,\"artists\":false,\"tracks\":[{\"src\":\"https:\/\/www.revuegruppen.com\/gruppen\/wp-content\/uploads\/2019\/05\/Naissance-de-La-Colifata-extrait-sonore.mp3\",\"type\":\"audio\/mpeg\",\"title\":\"Naissance de La Colifata (extrait sonore)\",\"caption\":\"\",\"description\":\"\\u003Ci\\u003ENaissance de La Colifata (extrait sonore)\\u003C\/i\\u003E.\",\"meta\":{\"artist\":\"La Colifata\",\"length_formatted\":\"7:40\"},\"image\":{\"src\":\"https:\/\/www.revuegruppen.com\/gruppen\/wp-includes\/images\/media\/audio.svg\",\"width\":48,\"height\":64},\"thumb\":{\"src\":\"https:\/\/www.revuegruppen.com\/gruppen\/wp-includes\/images\/media\/audio.svg\",\"width\":48,\"height\":64}}]}<\/script>\n<\/div>\n\t\n","protected":false},"excerpt":{"rendered":"<p>Alfredo Olivera, psychologue, a fond\u00e9 en Argentine La Colifata, premi\u00e8re radio au monde \u00e0 \u00e9mettre depuis un h\u00f4pital psychiatrique. Il travaille actuellement dans le secteur psychiatrie de l&rsquo;h\u00f4pital Roger Pr\u00e9vot de Moisselles, et comme r\u00e9f\u00e9rent institutionnel au Centre Accueil Th\u00e9rapeutique (C.A.T.T.P) d\u2019Asni\u00e8res-sur-Seine. Il a particip\u00e9 en France \u00e0 la cr\u00e9ation de Radio Citron \u00e0 Paris, [&hellip;]<\/p>\n","protected":false},"author":2,"featured_media":10069,"comment_status":"closed","ping_status":"open","sticky":false,"template":"","format":"standard","meta":{"footnotes":""},"categories":[20],"tags":[860,869,290],"class_list":["post-10068","post","type-post","status-publish","format-standard","has-post-thumbnail","hentry","category-les-auteurs","tag-gruppen-n14","tag-la-colifata","tag-psychiatrie"],"_links":{"self":[{"href":"https:\/\/www.revuegruppen.com\/gruppen\/wp-json\/wp\/v2\/posts\/10068","targetHints":{"allow":["GET"]}}],"collection":[{"href":"https:\/\/www.revuegruppen.com\/gruppen\/wp-json\/wp\/v2\/posts"}],"about":[{"href":"https:\/\/www.revuegruppen.com\/gruppen\/wp-json\/wp\/v2\/types\/post"}],"author":[{"embeddable":true,"href":"https:\/\/www.revuegruppen.com\/gruppen\/wp-json\/wp\/v2\/users\/2"}],"replies":[{"embeddable":true,"href":"https:\/\/www.revuegruppen.com\/gruppen\/wp-json\/wp\/v2\/comments?post=10068"}],"version-history":[{"count":3,"href":"https:\/\/www.revuegruppen.com\/gruppen\/wp-json\/wp\/v2\/posts\/10068\/revisions"}],"predecessor-version":[{"id":10136,"href":"https:\/\/www.revuegruppen.com\/gruppen\/wp-json\/wp\/v2\/posts\/10068\/revisions\/10136"}],"wp:featuredmedia":[{"embeddable":true,"href":"https:\/\/www.revuegruppen.com\/gruppen\/wp-json\/wp\/v2\/media\/10069"}],"wp:attachment":[{"href":"https:\/\/www.revuegruppen.com\/gruppen\/wp-json\/wp\/v2\/media?parent=10068"}],"wp:term":[{"taxonomy":"category","embeddable":true,"href":"https:\/\/www.revuegruppen.com\/gruppen\/wp-json\/wp\/v2\/categories?post=10068"},{"taxonomy":"post_tag","embeddable":true,"href":"https:\/\/www.revuegruppen.com\/gruppen\/wp-json\/wp\/v2\/tags?post=10068"}],"curies":[{"name":"wp","href":"https:\/\/api.w.org\/{rel}","templated":true}]}}